{"id":3887,"date":"2025-07-18T14:41:31","date_gmt":"2025-07-18T14:41:31","guid":{"rendered":"https:\/\/salsaagricola.es\/this-is-how-we-prepare-the-mango-season-at-salsa-agricola\/"},"modified":"2025-07-18T14:41:31","modified_gmt":"2025-07-18T14:41:31","slug":"this-is-how-we-prepare-the-mango-season-at-salsa-agricola","status":"publish","type":"post","link":"https:\/\/salsaagricola.es\/en\/this-is-how-we-prepare-the-mango-season-at-salsa-agricola\/","title":{"rendered":"This is how we prepare the mango season at Salsa Agr\u00edcola"},"content":{"rendered":"<p data-start=\"63\" data-end=\"452\">July marks the beginning of a decisive stage on our farms in the Axarqu\u00eda region of M\u00e1laga. The Osteen, Palmer, and Keitt varieties\u2014now in their fifth year of development and facing their third productive harvest\u2014already show advanced fruit development. Everything points to a promising season, the result of months of careful planning and a constant commitment to agricultural excellence.<\/p>\n<hr data-start=\"454\" data-end=\"457\" \/>\n<h3 data-start=\"459\" data-end=\"504\">Technical review and agronomic management<\/h3>\n<p data-start=\"506\" data-end=\"753\">At this stage, we activate a detailed monitoring and management protocol that allows us to ensure product quality ahead of the harvest, scheduled to begin in late August and continue throughout September. The main tasks currently underway include:<\/p>\n<ul data-start=\"755\" data-end=\"1148\">\n<li data-start=\"755\" data-end=\"888\">\n<p data-start=\"757\" data-end=\"888\"><strong data-start=\"757\" data-end=\"794\">Plot-by-plot crop load assessment<\/strong>, to evaluate the overall condition of the orchard and balance the trees\u2019 productive effort.<\/p>\n<\/li>\n<li data-start=\"889\" data-end=\"1027\">\n<p data-start=\"891\" data-end=\"1027\"><strong data-start=\"891\" data-end=\"934\">Irrigation and fertilization management<\/strong>, aimed at maintaining fruit size, preventing water stress, and promoting uniform ripening.<\/p>\n<\/li>\n<li data-start=\"1028\" data-end=\"1148\">\n<p data-start=\"1030\" data-end=\"1148\"><strong data-start=\"1030\" data-end=\"1076\">Application of final preventive treatments<\/strong>, ensuring the fruit reaches harvest time in optimal sanitary condition.<\/p>\n<\/li>\n<\/ul>\n<hr data-start=\"1150\" data-end=\"1153\" \/>\n<h3 data-start=\"1155\" data-end=\"1177\">Season preparation<\/h3>\n<p data-start=\"1179\" data-end=\"1349\">With the fruit in full development and the trees at a crucial stage, August will focus on the operational organization of the season. During this period, we will address:<\/p>\n<ul data-start=\"1351\" data-end=\"1577\">\n<li data-start=\"1351\" data-end=\"1461\">\n<p data-start=\"1353\" data-end=\"1461\"><strong data-start=\"1353\" data-end=\"1411\">Coordination with harvesting staff and logistics teams<\/strong>, to ensure an efficient, incident-free harvest.<\/p>\n<\/li>\n<li data-start=\"1462\" data-end=\"1577\">\n<p data-start=\"1464\" data-end=\"1577\"><strong data-start=\"1464\" data-end=\"1500\">Commercial planning with clients<\/strong>, defining volumes, estimated delivery dates, and required quality standards.<\/p>\n<\/li>\n<\/ul>\n<hr data-start=\"1579\" data-end=\"1582\" \/>\n<h3 data-start=\"1584\" data-end=\"1635\">Healthy fruit, good size, and excellent quality<\/h3>\n<p data-start=\"1637\" data-end=\"1998\">The sustained effort throughout the entire agronomic cycle now translates into a balanced production, with healthy fruit of good size and excellent organoleptic quality. The region\u2019s climatic conditions, combined with specialized technical management, once again confirm that the Axarqu\u00eda of M\u00e1laga is a privileged environment for subtropical mango cultivation.<\/p>\n<hr data-start=\"2000\" data-end=\"2003\" \/>\n<h3 data-start=\"2005\" data-end=\"2033\">Commitment to excellence<\/h3>\n<p data-start=\"2035\" data-end=\"2347\" data-is-last-node=\"\" data-is-only-node=\"\">At Salsa Agr\u00edcola, the mango season does not begin at harvest time\u2014it starts much earlier. It begins with careful observation of the land, respect for the crop\u2019s natural rhythms, and professional management at every stage. This is the foundation on which we build sustainable, efficient, high-quality production.<\/p>\n","protected":false},"excerpt":{"rendered":"<p>July marks the beginning of a decisive stage on our farms in the Axarqu\u00eda region of M\u00e1laga. The Osteen, Palmer, and Keitt varieties\u2014now in their fifth year of development and facing their third productive harvest\u2014already show advanced fruit development. Everything points to a promising season, the result of months of careful planning and a constant [&hellip;]<\/p>\n","protected":false},"author":1,"featured_media":3814,"comment_status":"closed","ping_status":"closed","sticky":false,"template":"","format":"standard","meta":{"_acf_changed":false,"footnotes":""},"categories":[26],"tags":[],"class_list":["post-3887","post","type-post","status-publish","format-standard","has-post-thumbnail","hentry","category-salsa-agricola-en"],"acf":[],"yoast_head":"<!-- This site is optimized with the Yoast SEO plugin v26.6 - https:\/\/yoast.com\/wordpress\/plugins\/seo\/ -->\n<title>This is how we prepare the mango season at Salsa Agr\u00edcola - Salsa Agr\u00edcola<\/title>\n<meta name=\"robots\" content=\"index, follow, max-snippet:-1, max-image-preview:large, max-video-preview:-1\" \/>\n<link rel=\"canonical\" href=\"https:\/\/salsaagricola.es\/asi-preparamos-la-campana-del-mango-en-salsa-agricola\/\" \/>\n<meta property=\"og:locale\" content=\"en_US\" \/>\n<meta property=\"og:type\" content=\"article\" \/>\n<meta property=\"og:title\" content=\"This is how we prepare the mango season at Salsa Agr\u00edcola - Salsa Agr\u00edcola\" \/>\n<meta property=\"og:description\" content=\"July marks the beginning of a decisive stage on our farms in the Axarqu\u00eda region of M\u00e1laga. The Osteen, Palmer, and Keitt varieties\u2014now in their fifth year of development and facing their third productive harvest\u2014already show advanced fruit development. Everything points to a promising season, the result of months of careful planning and a constant [&hellip;]\" \/>\n<meta property=\"og:url\" content=\"https:\/\/salsaagricola.es\/asi-preparamos-la-campana-del-mango-en-salsa-agricola\/\" \/>\n<meta property=\"og:site_name\" content=\"Salsa Agr\u00edcola\" \/>\n<meta property=\"article:published_time\" content=\"2025-07-18T14:41:31+00:00\" \/>\n<meta property=\"og:image\" content=\"https:\/\/salsaagricola.es\/wp-content\/uploads\/2025\/07\/GettyImages-1340898545-scaled.jpg\" \/>\n\t<meta property=\"og:image:width\" content=\"2560\" \/>\n\t<meta property=\"og:image:height\" content=\"1707\" \/>\n\t<meta property=\"og:image:type\" content=\"image\/jpeg\" \/>\n<meta name=\"author\" content=\"s4ls4Pat\" \/>\n<meta name=\"twitter:card\" content=\"summary_large_image\" \/>\n<meta name=\"twitter:label1\" content=\"Written by\" \/>\n\t<meta name=\"twitter:data1\" content=\"s4ls4Pat\" \/>\n\t<meta name=\"twitter:label2\" content=\"Est. reading time\" \/>\n\t<meta name=\"twitter:data2\" content=\"2 minutes\" \/>\n<script type=\"application\/ld+json\" class=\"yoast-schema-graph\">{\"@context\":\"https:\/\/schema.org\",\"@graph\":[{\"@type\":\"WebPage\",\"@id\":\"https:\/\/salsaagricola.es\/asi-preparamos-la-campana-del-mango-en-salsa-agricola\/\",\"url\":\"https:\/\/salsaagricola.es\/asi-preparamos-la-campana-del-mango-en-salsa-agricola\/\",\"name\":\"This is how we prepare the mango season at Salsa Agr\u00edcola - Salsa Agr\u00edcola\",\"isPartOf\":{\"@id\":\"https:\/\/salsaagricola.es\/#website\"},\"primaryImageOfPage\":{\"@id\":\"https:\/\/salsaagricola.es\/asi-preparamos-la-campana-del-mango-en-salsa-agricola\/#primaryimage\"},\"image\":{\"@id\":\"https:\/\/salsaagricola.es\/asi-preparamos-la-campana-del-mango-en-salsa-agricola\/#primaryimage\"},\"thumbnailUrl\":\"https:\/\/salsaagricola.es\/wp-content\/uploads\/2025\/07\/GettyImages-1340898545-scaled.jpg\",\"datePublished\":\"2025-07-18T14:41:31+00:00\",\"author\":{\"@id\":\"https:\/\/salsaagricola.es\/#\/schema\/person\/9437a0a27b0b370d458b1b72dcd6b73f\"},\"inLanguage\":\"en-US\",\"potentialAction\":[{\"@type\":\"ReadAction\",\"target\":[\"https:\/\/salsaagricola.es\/asi-preparamos-la-campana-del-mango-en-salsa-agricola\/\"]}]},{\"@type\":\"ImageObject\",\"inLanguage\":\"en-US\",\"@id\":\"https:\/\/salsaagricola.es\/asi-preparamos-la-campana-del-mango-en-salsa-agricola\/#primaryimage\",\"url\":\"https:\/\/salsaagricola.es\/wp-content\/uploads\/2025\/07\/GettyImages-1340898545-scaled.jpg\",\"contentUrl\":\"https:\/\/salsaagricola.es\/wp-content\/uploads\/2025\/07\/GettyImages-1340898545-scaled.jpg\",\"width\":2560,\"height\":1707,\"caption\":\"Mango tree with hanging mango fruits outdoor\"},{\"@type\":\"WebSite\",\"@id\":\"https:\/\/salsaagricola.es\/#website\",\"url\":\"https:\/\/salsaagricola.es\/\",\"name\":\"Salsa Agr\u00edcola\",\"description\":\"Producci\u00f3n de aguacate y alquiler de fincas en La Axarqu\u00eda\",\"potentialAction\":[{\"@type\":\"SearchAction\",\"target\":{\"@type\":\"EntryPoint\",\"urlTemplate\":\"https:\/\/salsaagricola.es\/?s={search_term_string}\"},\"query-input\":{\"@type\":\"PropertyValueSpecification\",\"valueRequired\":true,\"valueName\":\"search_term_string\"}}],\"inLanguage\":\"en-US\"},{\"@type\":\"Person\",\"@id\":\"https:\/\/salsaagricola.es\/#\/schema\/person\/9437a0a27b0b370d458b1b72dcd6b73f\",\"name\":\"s4ls4Pat\",\"image\":{\"@type\":\"ImageObject\",\"inLanguage\":\"en-US\",\"@id\":\"https:\/\/salsaagricola.es\/#\/schema\/person\/image\/\",\"url\":\"https:\/\/secure.gravatar.com\/avatar\/c513cde02c979a038b11704e7862fb9ea67e4a7877470796b4068ad2e51097a1?s=96&d=mm&r=g\",\"contentUrl\":\"https:\/\/secure.gravatar.com\/avatar\/c513cde02c979a038b11704e7862fb9ea67e4a7877470796b4068ad2e51097a1?s=96&d=mm&r=g\",\"caption\":\"s4ls4Pat\"},\"sameAs\":[\"https:\/\/salsaagricola.es\"],\"url\":\"https:\/\/salsaagricola.es\/en\/author\/s4ls4pat\/\"}]}<\/script>\n<!-- \/ Yoast SEO plugin. -->","yoast_head_json":{"title":"This is how we prepare the mango season at Salsa Agr\u00edcola - Salsa Agr\u00edcola","robots":{"index":"index","follow":"follow","max-snippet":"max-snippet:-1","max-image-preview":"max-image-preview:large","max-video-preview":"max-video-preview:-1"},"canonical":"https:\/\/salsaagricola.es\/asi-preparamos-la-campana-del-mango-en-salsa-agricola\/","og_locale":"en_US","og_type":"article","og_title":"This is how we prepare the mango season at Salsa Agr\u00edcola - Salsa Agr\u00edcola","og_description":"July marks the beginning of a decisive stage on our farms in the Axarqu\u00eda region of M\u00e1laga. The Osteen, Palmer, and Keitt varieties\u2014now in their fifth year of development and facing their third productive harvest\u2014already show advanced fruit development. Everything points to a promising season, the result of months of careful planning and a constant [&hellip;]","og_url":"https:\/\/salsaagricola.es\/asi-preparamos-la-campana-del-mango-en-salsa-agricola\/","og_site_name":"Salsa Agr\u00edcola","article_published_time":"2025-07-18T14:41:31+00:00","og_image":[{"width":2560,"height":1707,"url":"https:\/\/salsaagricola.es\/wp-content\/uploads\/2025\/07\/GettyImages-1340898545-scaled.jpg","type":"image\/jpeg"}],"author":"s4ls4Pat","twitter_card":"summary_large_image","twitter_misc":{"Written by":"s4ls4Pat","Est. reading time":"2 minutes"},"schema":{"@context":"https:\/\/schema.org","@graph":[{"@type":"WebPage","@id":"https:\/\/salsaagricola.es\/asi-preparamos-la-campana-del-mango-en-salsa-agricola\/","url":"https:\/\/salsaagricola.es\/asi-preparamos-la-campana-del-mango-en-salsa-agricola\/","name":"This is how we prepare the mango season at Salsa Agr\u00edcola - Salsa Agr\u00edcola","isPartOf":{"@id":"https:\/\/salsaagricola.es\/#website"},"primaryImageOfPage":{"@id":"https:\/\/salsaagricola.es\/asi-preparamos-la-campana-del-mango-en-salsa-agricola\/#primaryimage"},"image":{"@id":"https:\/\/salsaagricola.es\/asi-preparamos-la-campana-del-mango-en-salsa-agricola\/#primaryimage"},"thumbnailUrl":"https:\/\/salsaagricola.es\/wp-content\/uploads\/2025\/07\/GettyImages-1340898545-scaled.jpg","datePublished":"2025-07-18T14:41:31+00:00","author":{"@id":"https:\/\/salsaagricola.es\/#\/schema\/person\/9437a0a27b0b370d458b1b72dcd6b73f"},"inLanguage":"en-US","potentialAction":[{"@type":"ReadAction","target":["https:\/\/salsaagricola.es\/asi-preparamos-la-campana-del-mango-en-salsa-agricola\/"]}]},{"@type":"ImageObject","inLanguage":"en-US","@id":"https:\/\/salsaagricola.es\/asi-preparamos-la-campana-del-mango-en-salsa-agricola\/#primaryimage","url":"https:\/\/salsaagricola.es\/wp-content\/uploads\/2025\/07\/GettyImages-1340898545-scaled.jpg","contentUrl":"https:\/\/salsaagricola.es\/wp-content\/uploads\/2025\/07\/GettyImages-1340898545-scaled.jpg","width":2560,"height":1707,"caption":"Mango tree with hanging mango fruits outdoor"},{"@type":"WebSite","@id":"https:\/\/salsaagricola.es\/#website","url":"https:\/\/salsaagricola.es\/","name":"Salsa Agr\u00edcola","description":"Producci\u00f3n de aguacate y alquiler de fincas en La Axarqu\u00eda","potentialAction":[{"@type":"SearchAction","target":{"@type":"EntryPoint","urlTemplate":"https:\/\/salsaagricola.es\/?s={search_term_string}"},"query-input":{"@type":"PropertyValueSpecification","valueRequired":true,"valueName":"search_term_string"}}],"inLanguage":"en-US"},{"@type":"Person","@id":"https:\/\/salsaagricola.es\/#\/schema\/person\/9437a0a27b0b370d458b1b72dcd6b73f","name":"s4ls4Pat","image":{"@type":"ImageObject","inLanguage":"en-US","@id":"https:\/\/salsaagricola.es\/#\/schema\/person\/image\/","url":"https:\/\/secure.gravatar.com\/avatar\/c513cde02c979a038b11704e7862fb9ea67e4a7877470796b4068ad2e51097a1?s=96&d=mm&r=g","contentUrl":"https:\/\/secure.gravatar.com\/avatar\/c513cde02c979a038b11704e7862fb9ea67e4a7877470796b4068ad2e51097a1?s=96&d=mm&r=g","caption":"s4ls4Pat"},"sameAs":["https:\/\/salsaagricola.es"],"url":"https:\/\/salsaagricola.es\/en\/author\/s4ls4pat\/"}]}},"_links":{"self":[{"href":"https:\/\/salsaagricola.es\/en\/wp-json\/wp\/v2\/posts\/3887","targetHints":{"allow":["GET"]}}],"collection":[{"href":"https:\/\/salsaagricola.es\/en\/wp-json\/wp\/v2\/posts"}],"about":[{"href":"https:\/\/salsaagricola.es\/en\/wp-json\/wp\/v2\/types\/post"}],"author":[{"embeddable":true,"href":"https:\/\/salsaagricola.es\/en\/wp-json\/wp\/v2\/users\/1"}],"replies":[{"embeddable":true,"href":"https:\/\/salsaagricola.es\/en\/wp-json\/wp\/v2\/comments?post=3887"}],"version-history":[{"count":0,"href":"https:\/\/salsaagricola.es\/en\/wp-json\/wp\/v2\/posts\/3887\/revisions"}],"wp:featuredmedia":[{"embeddable":true,"href":"https:\/\/salsaagricola.es\/en\/wp-json\/wp\/v2\/media\/3814"}],"wp:attachment":[{"href":"https:\/\/salsaagricola.es\/en\/wp-json\/wp\/v2\/media?parent=3887"}],"wp:term":[{"taxonomy":"category","embeddable":true,"href":"https:\/\/salsaagricola.es\/en\/wp-json\/wp\/v2\/categories?post=3887"},{"taxonomy":"post_tag","embeddable":true,"href":"https:\/\/salsaagricola.es\/en\/wp-json\/wp\/v2\/tags?post=3887"}],"curies":[{"name":"wp","href":"https:\/\/api.w.org\/{rel}","templated":true}]}}